{"id":1398,"date":"2021-07-09T21:33:57","date_gmt":"2021-07-09T19:33:57","guid":{"rendered":"https:\/\/www.irvin.bzh\/ferme\/?p=1398"},"modified":"2021-07-09T21:51:28","modified_gmt":"2021-07-09T19:51:28","slug":"les-jardins-de-vie-a-la-ferme-irvin-ete-2021","status":"publish","type":"post","link":"https:\/\/www.irvin.bzh\/ferme\/index.php\/2021\/07\/09\/les-jardins-de-vie-a-la-ferme-irvin-ete-2021\/","title":{"rendered":"Les Jardins de Vie \u00e0 la Ferme IRVIN &#8211; Et\u00e9 2021"},"content":{"rendered":"\n<h2><strong>Envie de vous fondre dans la nature, de vous sentir utile\u00a0?<\/strong><\/h2>\n\n\n\n<h3 class=\"has-text-align-center\"><strong><br>Rejoignez-nous\u00a0!<\/strong><\/h3>\n\n\n\n<p>Du 15 au 30 juillet, nous organisons <strong>Les Jardins de Vie<\/strong>, des activit\u00e9s autour des plantes aromatiques et m\u00e9dicinales (PPAM) et de la permaculture.<\/p>\n\n\n\n<p>Au programme&nbsp;:<br>_ Chantiers participatifs du mardi au vendredi,<br>_ Les \u00ab&nbsp;<strong>Jeudis des Jardins de Vie<\/strong>,\u00bb en apr\u00e8s-midi, avec ateliers, balade botanique, chantiers et \u00e9changes sur l\u2019importance du Vivant dans la transition du territoire.<\/p>\n\n\n\n<p>Situ\u00e9e \u00e0 Mouaz\u00e9, au nord de Rennes, la Ferme IRVIN est un lieu de rencontres, un incubateur de projets \u00e9conomiques territoriaux doubl\u00e9 d\u2019un espace de productions et d\u2019un centre de formation.<br>Son objectif&nbsp;? Renouer avec la r\u00e9alit\u00e9 du monde du Vivant, s\u2019inspirer de son fonctionnement, remettre l\u2019humain au c\u0153ur de notre territoire.<br>Toutes les actions sont bas\u00e9es sur une relation forte au monde vivant et ont pour finalit\u00e9 de mettre en \u0153uvre un mod\u00e8le \u00e9conomique&nbsp;ayant une influence positive envers la vie : l\u2019\u00e9conomie vivante.<br><br>Pour suivre le parcours d&rsquo;un <strong>Jeudi des Jardins de Vie<\/strong>, inscrivez-vous \u00e0 partir du 10\/07_ <strong>ICI<\/strong><\/p>\n\n\n\n<p>Places limit\u00e9es \u00e0 15 personnes.<\/p>\n\n\n\n<p>\u00a0Les <strong>JEUNES B\u00c9N\u00c9VOLES<\/strong> de 16 \u00e0 28 ans, pr\u00eats \u00e0 s\u2019investir dans un chantier participatif pour donner un coup de main, sont les BIENVENUS\u00a0!<\/p>\n\n\n\n<p><strong>Inscription<\/strong> \u00e0 partir du 10\/07. Pour tout renseignement, contactez-nous au 09 72 58 55 05.<\/p>\n\n\n\n<div class=\"forminator-ui forminator-custom-form forminator-custom-form-1402 forminator-design--default  forminator_ajax\" data-forminator-render=\"0\" data-form=\"forminator-module-1402\"><br\/><\/div><form\n\t\t\t\tid=\"forminator-module-1402\"\n\t\t\t\tclass=\"forminator-ui forminator-custom-form forminator-custom-form-1402 forminator-design--default  forminator_ajax\"\n\t\t\t\tmethod=\"post\"\n\t\t\t\tdata-forminator-render=\"0\"\n\t\t\t\tdata-form-id=\"1402\"\n\t\t\t\t\n\t\t\t\tdata-design=\"default\"\n\t\t\t\t\n\t\t\t\t\n\t\t\t\t\n\t\t\t\tdata-grid=\"open\"\n\t\t\t\t\n\t\t\t\t\n\t\t\t\tstyle=\"display: none;\"\n\t\t\t><div class=\"forminator-response-message forminator-error\" aria-hidden=\"true\"><\/div><div class=\"forminator-row\"><div id=\"name-1\" class=\"forminator-col forminator-col-12 \"><div class=\"forminator-field\"><label for=\"forminator-field-name-1\" class=\"forminator-label\">Pr\u00e9nom Nom <span class=\"forminator-required\">*<\/span><\/label><input type=\"text\" name=\"name-1\" value=\"\" placeholder=\"\" id=\"forminator-field-name-1\" class=\"forminator-input forminator-name--field\" aria-required=\"true\" \/><\/div><\/div><\/div><div class=\"forminator-row\"><div id=\"email-1\" class=\"forminator-col forminator-col-12 \"><div class=\"forminator-field\"><label for=\"forminator-field-email-1\" class=\"forminator-label\">Adresse de messagerie <span class=\"forminator-required\">*<\/span><\/label><input type=\"email\" name=\"email-1\" value=\"\" placeholder=\"\" id=\"forminator-field-email-1\" class=\"forminator-input forminator-email--field\" data-required=\"true\" aria-required=\"true\" \/><\/div><\/div><\/div><div class=\"forminator-row\"><div id=\"phone-1\" class=\"forminator-col forminator-col-12 \"><div class=\"forminator-field\"><label for=\"forminator-field-phone-1\" class=\"forminator-label\">Num\u00e9ro de t\u00e9l\u00e9phone<\/label><input type=\"text\" name=\"phone-1\" value=\"\" placeholder=\"\" id=\"forminator-field-phone-1\" class=\"forminator-input forminator-field--phone\" data-required=\"\" aria-required=\"false\" autocomplete=\"off\" \/><\/div><\/div><\/div><div class=\"forminator-row\"><div id=\"checkbox-1\" class=\"forminator-col forminator-col-12 \"><div class=\"forminator-field\"><label class=\"forminator-label\">Vous d\u00e9sirez vous inscrire pour... <span class=\"forminator-required\">*<\/span><\/label><label for=\"forminator-field-checkbox-1-1-69f2feb63460d\" class=\"forminator-checkbox\"><input type=\"checkbox\" name=\"checkbox-1[]\" value=\"suivre-le-parcours-dactivits-des-jeudis-des-jardins-de-vie\" id=\"forminator-field-checkbox-1-1-69f2feb63460d\" data-calculation=\"0\"  \/><span aria-hidden=\"true\"><\/span><span>Suivre le parcours d\u2019activit\u00e9s des Jeudis des Jardins de Vie<\/span><\/label><label for=\"forminator-field-checkbox-1-2-69f2feb63460d\" class=\"forminator-checkbox\"><input type=\"checkbox\" name=\"checkbox-1[]\" value=\"donner-un-coup-de-main-comme-bnvole-sur-les-chantiers-participatifs\" id=\"forminator-field-checkbox-1-2-69f2feb63460d\" data-calculation=\"0\"  \/><span aria-hidden=\"true\"><\/span><span>Donner un coup de main comme b\u00e9n\u00e9vole sur les chantiers participatifs<\/span><\/label><label for=\"forminator-field-checkbox-1-3-69f2feb63460d\" class=\"forminator-checkbox\"><input type=\"checkbox\" name=\"checkbox-1[]\" value=\"donner-un-coup-de-main-comme-bnvole-pour-les-jeudis-des-jardins-de-vie\" id=\"forminator-field-checkbox-1-3-69f2feb63460d\" data-calculation=\"0\"  \/><span aria-hidden=\"true\"><\/span><span>Donner un coup de main comme b\u00e9n\u00e9vole pour les jeudis des Jardins de Vie<\/span><\/label><\/div><\/div><\/div><div class=\"forminator-row\"><div id=\"select-1\" class=\"forminator-col forminator-col-12 \"><div class=\"forminator-field\"><label for=\"select-1-field-field\" class=\"forminator-label\">Quel est votre \u00e2ge ?<\/label><select class=\"forminator-select--field forminator-select2\" id=\"select-1-field\" data-required=\"\" name=\"select-1\" data-default-value=\"\" data-placeholder=\"Quel est votre \u00e2ge ?\" data-search=\"false\"><option value=\"\">Quel est votre \u00e2ge ?<\/option><option value=\"moins-de-18-ans\"  data-calculation=\"0\">Moins de 18 ans<\/option><option value=\"de-18-30-ans\"  data-calculation=\"0\">De 18 \u00e0 30 ans<\/option><option value=\"plus-de-30-ans\"  data-calculation=\"0\">Plus de 30 ans<\/option><\/select><\/div><\/div><\/div><div class=\"forminator-row\"><div id=\"checkbox-2\" class=\"forminator-col forminator-col-12 \"><div class=\"forminator-field\"><label class=\"forminator-label\">Quelles sont vos disponibilit\u00e9s en juillet (jeudis apr\u00e8s-midi) ?<\/label><label for=\"forminator-field-checkbox-2-1-69f2feb634651\" class=\"forminator-checkbox\"><input type=\"checkbox\" name=\"checkbox-2[]\" value=\"15-juillet-2021\" id=\"forminator-field-checkbox-2-1-69f2feb634651\" data-calculation=\"0\"  \/><span aria-hidden=\"true\"><\/span><span>15 juillet 2021<\/span><\/label><label for=\"forminator-field-checkbox-2-2-69f2feb634651\" class=\"forminator-checkbox\"><input type=\"checkbox\" name=\"checkbox-2[]\" value=\"22-juillet-2021\" id=\"forminator-field-checkbox-2-2-69f2feb634651\" data-calculation=\"0\"  \/><span aria-hidden=\"true\"><\/span><span>22 juillet 2021<\/span><\/label><label for=\"forminator-field-checkbox-2-3-69f2feb634651\" class=\"forminator-checkbox\"><input type=\"checkbox\" name=\"checkbox-2[]\" value=\"29-juillet-2021\" id=\"forminator-field-checkbox-2-3-69f2feb634651\" data-calculation=\"0\"  \/><span aria-hidden=\"true\"><\/span><span>29 juillet 2021<\/span><\/label><\/div><\/div><\/div><div class=\"forminator-row\"><div id=\"checkbox-3\" class=\"forminator-col forminator-col-12 \"><div class=\"forminator-field\"><label class=\"forminator-label\">Quelles sont vos disponibilit\u00e9s en juillet (pour les chantiers participatifs)<\/label><label for=\"forminator-field-checkbox-3-1-69f2feb634662\" class=\"forminator-checkbox\"><input type=\"checkbox\" name=\"checkbox-3[]\" value=\"session-de-chantiers-du-13-au-16-juillet-2021\" id=\"forminator-field-checkbox-3-1-69f2feb634662\" data-calculation=\"0\"  \/><span aria-hidden=\"true\"><\/span><span>Session de chantiers du 13 au 16 juillet 2021<\/span><\/label><label for=\"forminator-field-checkbox-3-2-69f2feb634662\" class=\"forminator-checkbox\"><input type=\"checkbox\" name=\"checkbox-3[]\" value=\"session-de-chantiers-du-20-au-23-juillet-2021\" id=\"forminator-field-checkbox-3-2-69f2feb634662\" data-calculation=\"0\"  \/><span aria-hidden=\"true\"><\/span><span>Session de chantiers du 20 au 23 juillet 2021<\/span><\/label><label for=\"forminator-field-checkbox-3-3-69f2feb634662\" class=\"forminator-checkbox\"><input type=\"checkbox\" name=\"checkbox-3[]\" value=\"session-de-chantiers-du-27-au-30-juillet-2021\" id=\"forminator-field-checkbox-3-3-69f2feb634662\" data-calculation=\"0\"  \/><span aria-hidden=\"true\"><\/span><span>Session de chantiers du 27 au 30 juillet 2021<\/span><\/label><\/div><\/div><\/div><div class=\"forminator-row\"><div id=\"textarea-1\" class=\"forminator-col forminator-col-12 \"><div class=\"forminator-field\"><label for=\"forminator-field-textarea-1\" class=\"forminator-label\">Faisons un peu plus connaissance\u2026 Qu\u2019est-ce qui vous motive \u00e0 venir \u00e0 la Ferme ? qu\u2019en attendez-vous ?<\/label><textarea name=\"textarea-1\" placeholder=\"Saisissez votre message\u2026\" id=\"forminator-field-textarea-1\" class=\"forminator-textarea\" rows=\"6\" style=\"min-height:140px;\" maxlength=\"180\" ><\/textarea><span class=\"forminator-description\"><span data-limit=\"180\" data-type=\"characters\">0 \/ 180<\/span><\/span><\/div><\/div><\/div><input type=\"hidden\" name=\"referer_url\" value=\"\" \/><div class=\"forminator-row forminator-row-last\"><div class=\"forminator-col\"><div class=\"forminator-field\"><button class=\"forminator-button forminator-button-submit\">Envoyer le message<\/button><\/div><\/div><\/div><input type=\"hidden\" id=\"forminator_nonce\" name=\"forminator_nonce\" value=\"171b3ea3da\" \/><input type=\"hidden\" name=\"_wp_http_referer\" value=\"\/ferme\/index.php\/wp-json\/wp\/v2\/posts\/1398\" \/><input type=\"hidden\" name=\"form_id\" value=\"1402\"><input type=\"hidden\" name=\"page_id\" value=\"1398\"><input type=\"hidden\" name=\"form_type\" value=\"default\"><input type=\"hidden\" name=\"current_url\" value=\"https:\/\/www.irvin.bzh\/ferme\/wp-json\/wp\/v2\/posts\/1398\/\"><input type=\"hidden\" name=\"render_id\" value=\"0\"><input type=\"hidden\" name=\"action\" value=\"forminator_submit_form_custom-forms\"><\/form>\n\n\n\n<p><\/p>\n","protected":false},"excerpt":{"rendered":"<p>Envie de vous fondre dans la nature, de vous sentir utile\u00a0? Rejoignez-nous\u00a0! Du 15 au 30 juillet, nous organisons Les Jardins de Vie, des activit\u00e9s autour des plantes aromatiques et m\u00e9dicinales (PPAM) et de la permaculture. Au programme&nbsp;:_ Chantiers participatifs du mardi au vendredi,_ Les \u00ab&nbsp;Jeudis des Jardins de Vie,\u00bb en apr\u00e8s-midi, avec ateliers, balade [&hellip;]<\/p>\n","protected":false},"author":1,"featured_media":1405,"comment_status":"open","ping_status":"open","sticky":false,"template":"","format":"standard","meta":[],"categories":[1],"tags":[],"_links":{"self":[{"href":"https:\/\/www.irvin.bzh\/ferme\/index.php\/wp-json\/wp\/v2\/posts\/1398"}],"collection":[{"href":"https:\/\/www.irvin.bzh\/ferme\/index.php\/wp-json\/wp\/v2\/posts"}],"about":[{"href":"https:\/\/www.irvin.bzh\/ferme\/index.php\/wp-json\/wp\/v2\/types\/post"}],"author":[{"embeddable":true,"href":"https:\/\/www.irvin.bzh\/ferme\/index.php\/wp-json\/wp\/v2\/users\/1"}],"replies":[{"embeddable":true,"href":"https:\/\/www.irvin.bzh\/ferme\/index.php\/wp-json\/wp\/v2\/comments?post=1398"}],"version-history":[{"count":4,"href":"https:\/\/www.irvin.bzh\/ferme\/index.php\/wp-json\/wp\/v2\/posts\/1398\/revisions"}],"predecessor-version":[{"id":1403,"href":"https:\/\/www.irvin.bzh\/ferme\/index.php\/wp-json\/wp\/v2\/posts\/1398\/revisions\/1403"}],"wp:featuredmedia":[{"embeddable":true,"href":"https:\/\/www.irvin.bzh\/ferme\/index.php\/wp-json\/wp\/v2\/media\/1405"}],"wp:attachment":[{"href":"https:\/\/www.irvin.bzh\/ferme\/index.php\/wp-json\/wp\/v2\/media?parent=1398"}],"wp:term":[{"taxonomy":"category","embeddable":true,"href":"https:\/\/www.irvin.bzh\/ferme\/index.php\/wp-json\/wp\/v2\/categories?post=1398"},{"taxonomy":"post_tag","embeddable":true,"href":"https:\/\/www.irvin.bzh\/ferme\/index.php\/wp-json\/wp\/v2\/tags?post=1398"}],"curies":[{"name":"wp","href":"https:\/\/api.w.org\/{rel}","templated":true}]}}